{"id":1180,"date":"2024-06-20T11:56:10","date_gmt":"2024-06-20T09:56:10","guid":{"rendered":"https:\/\/www.farbklecks24shop.de\/ratgeber\/?p=1180"},"modified":"2024-06-20T11:56:24","modified_gmt":"2024-06-20T09:56:24","slug":"welcher-farbton-eignet-sich-fuer-welchen-raum","status":"publish","type":"post","link":"https:\/\/www.farbklecks24shop.de\/ratgeber\/welcher-farbton-eignet-sich-fuer-welchen-raum\/","title":{"rendered":"Welcher Farbton eignet sich f\u00fcr welchen Raum?"},"content":{"rendered":"\t\t<div data-elementor-type=\"wp-post\" data-elementor-id=\"1180\" class=\"elementor elementor-1180\" data-elementor-post-type=\"post\">\n\t\t\t\t\t\t<section class=\"elementor-section elementor-top-section elementor-element elementor-element-7eb1aa14 elementor-section-boxed elementor-section-height-default elementor-section-height-default\" data-id=\"7eb1aa14\" data-element_type=\"section\" data-settings=\"{&quot;background_background&quot;:&quot;classic&quot;}\">\n\t\t\t\t\t\t<div class=\"elementor-container elementor-column-gap-default\">\n\t\t\t\t\t<div class=\"elementor-column elementor-col-100 elementor-top-column elementor-element elementor-element-4465c4b9\" data-id=\"4465c4b9\" data-element_type=\"column\" data-settings=\"{&quot;background_background&quot;:&quot;classic&quot;}\">\n\t\t\t<div class=\"elementor-widget-wrap elementor-element-populated\">\n\t\t\t\t\t\t<div class=\"elementor-element elementor-element-4b7b189d elementor-widget elementor-widget-html\" data-id=\"4b7b189d\" data-element_type=\"widget\" data-widget_type=\"html.default\">\n\t\t\t\t<div class=\"elementor-widget-container\">\n\t\t\t\t\t <nav aria-label=\"breadcrumbs\" class=\"rank-math-breadcrumb\"><p><span class=\"last\">Startseite<\/span><\/p><\/nav>\t\t\t\t<\/div>\n\t\t\t\t<\/div>\n\t\t\t\t\t<\/div>\n\t\t<\/div>\n\t\t\t\t\t<\/div>\n\t\t<\/section>\n\t\t\t\t<section class=\"elementor-section elementor-top-section elementor-element elementor-element-41e1cd28 elementor-section-boxed elementor-section-height-default elementor-section-height-default\" data-id=\"41e1cd28\" data-element_type=\"section\">\n\t\t\t\t\t\t<div class=\"elementor-container elementor-column-gap-default\">\n\t\t\t\t\t<div class=\"elementor-column elementor-col-100 elementor-top-column elementor-element elementor-element-421eb3a2\" data-id=\"421eb3a2\" data-element_type=\"column\">\n\t\t\t<div class=\"elementor-widget-wrap elementor-element-populated\">\n\t\t\t\t\t\t<div class=\"elementor-element elementor-element-6cf4c227 elementor-widget elementor-widget-heading\" data-id=\"6cf4c227\" data-element_type=\"widget\" data-widget_type=\"heading.default\">\n\t\t\t\t<div class=\"elementor-widget-container\">\n\t\t\t\t\t<h1 class=\"elementor-heading-title elementor-size-default\">Welcher Farbton eignet sich f\u00fcr welchen Raum?<\/h1>\t\t\t\t<\/div>\n\t\t\t\t<\/div>\n\t\t\t\t\t<\/div>\n\t\t<\/div>\n\t\t\t\t\t<\/div>\n\t\t<\/section>\n\t\t\t\t<section class=\"elementor-section elementor-top-section elementor-element elementor-element-1ab4f15d elementor-section-boxed elementor-section-height-default elementor-section-height-default\" data-id=\"1ab4f15d\" data-element_type=\"section\">\n\t\t\t\t\t\t<div class=\"elementor-container elementor-column-gap-default\">\n\t\t\t\t\t<div class=\"elementor-column elementor-col-100 elementor-top-column elementor-element elementor-element-43f9be24\" data-id=\"43f9be24\" data-element_type=\"column\">\n\t\t\t<div class=\"elementor-widget-wrap elementor-element-populated\">\n\t\t\t\t\t\t<div class=\"elementor-element elementor-element-55fce7fd elementor-widget elementor-widget-image\" data-id=\"55fce7fd\" data-element_type=\"widget\" data-widget_type=\"image.default\">\n\t\t\t\t<div class=\"elementor-widget-container\">\n\t\t\t\t\t\t\t\t\t\t\t\t\t\t\t<img fetchpriority=\"high\" decoding=\"async\" width=\"2500\" height=\"980\" src=\"https:\/\/www.farbklecks24shop.de\/ratgeber\/wp-content\/uploads\/2024\/06\/shutterstock_557165941-1.jpg\" class=\"attachment-full size-full wp-image-1191\" alt=\"\u00a9 Daniel Jedzura\/Shutterstock.com\" srcset=\"https:\/\/www.farbklecks24shop.de\/ratgeber\/wp-content\/uploads\/2024\/06\/shutterstock_557165941-1.jpg 2500w, https:\/\/www.farbklecks24shop.de\/ratgeber\/wp-content\/uploads\/2024\/06\/shutterstock_557165941-1-300x118.jpg 300w, https:\/\/www.farbklecks24shop.de\/ratgeber\/wp-content\/uploads\/2024\/06\/shutterstock_557165941-1-1024x401.jpg 1024w, https:\/\/www.farbklecks24shop.de\/ratgeber\/wp-content\/uploads\/2024\/06\/shutterstock_557165941-1-768x301.jpg 768w, https:\/\/www.farbklecks24shop.de\/ratgeber\/wp-content\/uploads\/2024\/06\/shutterstock_557165941-1-1536x602.jpg 1536w, https:\/\/www.farbklecks24shop.de\/ratgeber\/wp-content\/uploads\/2024\/06\/shutterstock_557165941-1-2048x803.jpg 2048w\" sizes=\"(max-width: 2500px) 100vw, 2500px\" \/>\t\t\t\t\t\t\t\t\t\t\t\t\t\t\t<\/div>\n\t\t\t\t<\/div>\n\t\t\t\t\t<\/div>\n\t\t<\/div>\n\t\t\t\t\t<\/div>\n\t\t<\/section>\n\t\t\t\t<section class=\"elementor-section elementor-top-section elementor-element elementor-element-2a62ead5 elementor-reverse-mobile elementor-section-boxed elementor-section-height-default elementor-section-height-default\" data-id=\"2a62ead5\" data-element_type=\"section\">\n\t\t\t\t\t\t<div class=\"elementor-container elementor-column-gap-default\">\n\t\t\t\t\t<div class=\"elementor-column elementor-col-66 elementor-top-column elementor-element elementor-element-3df0a2f8\" data-id=\"3df0a2f8\" data-element_type=\"column\">\n\t\t\t<div class=\"elementor-widget-wrap elementor-element-populated\">\n\t\t\t\t\t\t<div class=\"elementor-element elementor-element-501b5c2 elementor-widget elementor-widget-text-editor\" data-id=\"501b5c2\" data-element_type=\"widget\" data-widget_type=\"text-editor.default\">\n\t\t\t\t<div class=\"elementor-widget-container\">\n\t\t\t\t\t\t\t\t\t<p><span class=\"TextRun SCXW170260163 BCX0\" lang=\"DE-DE\" xml:lang=\"DE-DE\" data-contrast=\"auto\"><span class=\"NormalTextRun SCXW170260163 BCX0\">Hat man einmal den Entschluss gefasst<\/span><span class=\"NormalTextRun SCXW170260163 BCX0\">,<\/span><span class=\"NormalTextRun SCXW170260163 BCX0\"> da<\/span><span class=\"NormalTextRun SCXW170260163 BCX0\">s<\/span><span class=\"NormalTextRun SCXW170260163 BCX0\">s ein neuer Anstrich des Raums f\u00e4llig ist, so steht noch die Entscheidung an, ob man zum klassischen Wei\u00dfton greift, oder sich in die Welt der Farben traut und eine bunte Wandfarbe ausw\u00e4hlt. <\/span><span class=\"NormalTextRun SCXW170260163 BCX0\">Doch wie finde ich den richtigen Farbton f\u00fcr meine W\u00e4nde und woran kann ich mich orientieren? <\/span><span class=\"NormalTextRun SCXW170260163 BCX0\">Diese Fragen werden wir im nachfolgenden Ratgeber <\/span><span class=\"NormalTextRun SCXW170260163 BCX0\">versuchen zu <\/span><span class=\"NormalTextRun SCXW170260163 BCX0\">beantworten<\/span><span class=\"NormalTextRun SCXW170260163 BCX0\"> und Dir ein paar Grundkonzepte an die Hand geben.<\/span><\/span><span class=\"EOP SCXW170260163 BCX0\" data-ccp-props=\"{&quot;201341983&quot;:0,&quot;335559739&quot;:160,&quot;335559740&quot;:259}\">\u00a0<\/span><\/p>\t\t\t\t\t\t\t\t<\/div>\n\t\t\t\t<\/div>\n\t\t\t\t\t<\/div>\n\t\t<\/div>\n\t\t\t\t<div class=\"elementor-column elementor-col-33 elementor-top-column elementor-element elementor-element-1160b279 inhaltsverzeichnis\" data-id=\"1160b279\" data-element_type=\"column\">\n\t\t\t<div class=\"elementor-widget-wrap elementor-element-populated\">\n\t\t\t\t\t\t<div class=\"elementor-element elementor-element-1781e731 elementor-widget elementor-widget-table-of-contents\" data-id=\"1781e731\" data-element_type=\"widget\" data-settings=\"{&quot;headings_by_tags&quot;:[&quot;h2&quot;],&quot;exclude_headings_by_selector&quot;:[],&quot;marker_view&quot;:&quot;numbers&quot;,&quot;hierarchical_view&quot;:&quot;yes&quot;,&quot;min_height&quot;:{&quot;unit&quot;:&quot;px&quot;,&quot;size&quot;:&quot;&quot;,&quot;sizes&quot;:[]},&quot;min_height_tablet&quot;:{&quot;unit&quot;:&quot;px&quot;,&quot;size&quot;:&quot;&quot;,&quot;sizes&quot;:[]},&quot;min_height_mobile&quot;:{&quot;unit&quot;:&quot;px&quot;,&quot;size&quot;:&quot;&quot;,&quot;sizes&quot;:[]}}\" data-widget_type=\"table-of-contents.default\">\n\t\t\t\t<div class=\"elementor-widget-container\">\n\t\t\t\t\t\t\t<div class=\"elementor-toc__header\" aria-controls=\"elementor-toc__body\">\n\t\t\t<div class=\"elementor-toc__header-title\">\n\t\t\t\tInhaltsverzeichnis\t\t\t<\/div>\n\t\t\t\t\t<\/div>\n\t\t<div class=\"elementor-toc__body\" aria-expanded=\"true\">\n\t\t\t<div class=\"elementor-toc__spinner-container\">\n\t\t\t\t<i class=\"elementor-toc__spinner eicon-animation-spin eicon-loading\" aria-hidden=\"true\"><\/i>\t\t\t<\/div>\n\t\t<\/div>\n\t\t\t\t\t\t<\/div>\n\t\t\t\t<\/div>\n\t\t\t\t\t<\/div>\n\t\t<\/div>\n\t\t\t\t\t<\/div>\n\t\t<\/section>\n\t\t\t\t<section class=\"elementor-section elementor-top-section elementor-element elementor-element-509376a5 elementor-section-boxed elementor-section-height-default elementor-section-height-default\" data-id=\"509376a5\" data-element_type=\"section\">\n\t\t\t\t\t\t<div class=\"elementor-container elementor-column-gap-default\">\n\t\t\t\t\t<div class=\"elementor-column elementor-col-100 elementor-top-column elementor-element elementor-element-24e0ce9e\" data-id=\"24e0ce9e\" data-element_type=\"column\">\n\t\t\t<div class=\"elementor-widget-wrap elementor-element-populated\">\n\t\t\t\t\t\t<div class=\"elementor-element elementor-element-5efa4bd7 elementor-widget elementor-widget-heading\" data-id=\"5efa4bd7\" data-element_type=\"widget\" data-widget_type=\"heading.default\">\n\t\t\t\t<div class=\"elementor-widget-container\">\n\t\t\t\t\t<h2 class=\"elementor-heading-title elementor-size-default\">Wie kann man kleine R\u00e4ume durch die richtige Farbauswahl optisch vergr\u00f6\u00dfern?<\/h2>\t\t\t\t<\/div>\n\t\t\t\t<\/div>\n\t\t\t\t<div class=\"elementor-element elementor-element-2b3dd997 elementor-widget elementor-widget-text-editor\" data-id=\"2b3dd997\" data-element_type=\"widget\" data-widget_type=\"text-editor.default\">\n\t\t\t\t<div class=\"elementor-widget-container\">\n\t\t\t\t\t\t\t\t\t<p><span data-contrast=\"auto\">Bei kleinen R\u00e4umen hat man oft das Gef\u00fchl, wenn man jetzt Farbe ins Spiel bringt, wird der Raum \u201egedr\u00fcckt\u201c und verkleinert. Doch mit der richtigen Farbauswahl l\u00e4sst sich gut Spielen und man kann erreichen das der Raum etwas gr\u00f6\u00dfer wird.<\/span><span data-ccp-props=\"{&quot;201341983&quot;:0,&quot;335559739&quot;:160,&quot;335559740&quot;:259}\">\u00a0<\/span><\/p><p><span data-contrast=\"auto\">Du solltest helle und freundliche Farben bei der Gestaltung des Raumes aussuchen und die Anzahl an verschiedenen Farbt\u00f6nen eher auf einen oder zwei beschr\u00e4nken. Eine weitere M\u00f6glichkeit den Raum optisch zu vergr\u00f6\u00dfern, gelingt Dir, indem Du nicht alle W\u00e4nde farblich gestaltest. Oft ist hier weniger mehr und eine Wand gen\u00fcgt.<\/span><span data-ccp-props=\"{&quot;201341983&quot;:0,&quot;335559739&quot;:160,&quot;335559740&quot;:259}\">\u00a0<\/span><\/p>\t\t\t\t\t\t\t\t<\/div>\n\t\t\t\t<\/div>\n\t\t\t\t<div class=\"elementor-element elementor-element-60e9e30a elementor-widget elementor-widget-heading\" data-id=\"60e9e30a\" data-element_type=\"widget\" data-widget_type=\"heading.default\">\n\t\t\t\t<div class=\"elementor-widget-container\">\n\t\t\t\t\t<h2 class=\"elementor-heading-title elementor-size-default\">Welche Farbt\u00f6ne machen gro\u00dfe bzw. hohe R\u00e4ume wohnlicher?<\/h2>\t\t\t\t<\/div>\n\t\t\t\t<\/div>\n\t\t\t\t<div class=\"elementor-element elementor-element-11ee1868 elementor-widget elementor-widget-text-editor\" data-id=\"11ee1868\" data-element_type=\"widget\" data-widget_type=\"text-editor.default\">\n\t\t\t\t<div class=\"elementor-widget-container\">\n\t\t\t\t\t\t\t\t\t<p><span class=\"TextRun SCXW177019569 BCX0\" lang=\"DE-DE\" xml:lang=\"DE-DE\" data-contrast=\"auto\"><span class=\"NormalTextRun SCXW177019569 BCX0\">In gro\u00dfen R\u00e4umen mit hohen Decken hat man oft den Eindruck das man sich \u201everliert\u201c. <\/span><span class=\"NormalTextRun SCXW177019569 BCX0\">Hier kann eine dunkle Deckenfarbe den Raum optisch nach \u201eUnten ziehen\u201c<\/span><span class=\"NormalTextRun SCXW177019569 BCX0\"> und aus dem hallenartigen wird ein gem\u00fctlicherer Bereich.<\/span><span class=\"NormalTextRun SCXW177019569 BCX0\"> Genauso einfach kannst Du es mit sehr langgezogenen R\u00e4umen handhaben. Hier streichst Du die zwei Langen W\u00e4nde dunkler<\/span><span class=\"NormalTextRun SCXW177019569 BCX0\">,<\/span><span class=\"NormalTextRun SCXW177019569 BCX0\"> um so den Raum k\u00fcrzer wirken zu lassen.<\/span><span class=\"NormalTextRun SCXW177019569 BCX0\"> Bei <\/span><span class=\"NormalTextRun SCXW177019569 BCX0\">sehr gro\u00dfen, offenen R\u00e4umen kannst Du auch mit einer einheitlichen dunkleren Farbe die Atmosph\u00e4re harmonischer werden lassen. Hier sollten allerdings durch z.B. M\u00f6bel Akzente gesetzt werden.<\/span><\/span><span class=\"EOP SCXW177019569 BCX0\" data-ccp-props=\"{&quot;201341983&quot;:0,&quot;335559739&quot;:160,&quot;335559740&quot;:259}\">\u00a0<\/span><\/p>\t\t\t\t\t\t\t\t<\/div>\n\t\t\t\t<\/div>\n\t\t\t\t<div class=\"elementor-element elementor-element-f4ebdbf elementor-widget elementor-widget-heading\" data-id=\"f4ebdbf\" data-element_type=\"widget\" data-widget_type=\"heading.default\">\n\t\t\t\t<div class=\"elementor-widget-container\">\n\t\t\t\t\t<h2 class=\"elementor-heading-title elementor-size-default\">Welcher Farbton eignet sich f\u00fcr welchen Raum?<\/h2>\t\t\t\t<\/div>\n\t\t\t\t<\/div>\n\t\t\t\t<div class=\"elementor-element elementor-element-b59bc96 elementor-widget elementor-widget-text-editor\" data-id=\"b59bc96\" data-element_type=\"widget\" data-widget_type=\"text-editor.default\">\n\t\t\t\t<div class=\"elementor-widget-container\">\n\t\t\t\t\t\t\t\t\t<p><span class=\"TextRun SCXW177019569 BCX0\" lang=\"DE-DE\" xml:lang=\"DE-DE\" data-contrast=\"auto\"><span class=\"NormalTextRun SCXW177019569 BCX0\">In gro\u00dfen R\u00e4umen mit hohen Decken hat man oft den Eindruck das man sich \u201everliert\u201c. <\/span><span class=\"NormalTextRun SCXW177019569 BCX0\">Hier kann eine dunkle Deckenfarbe den Raum optisch nach \u201eUnten ziehen\u201c<\/span><span class=\"NormalTextRun SCXW177019569 BCX0\"> und aus dem hallenartigen wird ein gem\u00fctlicherer Bereich.<\/span><span class=\"NormalTextRun SCXW177019569 BCX0\"> Genauso einfach kannst Du es mit sehr langgezogenen R\u00e4umen handhaben. Hier streichst Du die zwei Langen W\u00e4nde dunkler<\/span><span class=\"NormalTextRun SCXW177019569 BCX0\">,<\/span><span class=\"NormalTextRun SCXW177019569 BCX0\"> um so den Raum k\u00fcrzer wirken zu lassen.<\/span><span class=\"NormalTextRun SCXW177019569 BCX0\"> Bei <\/span><span class=\"NormalTextRun SCXW177019569 BCX0\">sehr gro\u00dfen, offenen R\u00e4umen kannst Du auch mit einer einheitlichen dunkleren Farbe die Atmosph\u00e4re harmonischer werden lassen. Hier sollten allerdings durch z.B. M\u00f6bel Akzente gesetzt werden.<\/span><\/span><span class=\"EOP SCXW177019569 BCX0\" data-ccp-props=\"{&quot;201341983&quot;:0,&quot;335559739&quot;:160,&quot;335559740&quot;:259}\">\u00a0<\/span><\/p>\t\t\t\t\t\t\t\t<\/div>\n\t\t\t\t<\/div>\n\t\t\t\t<div class=\"elementor-element elementor-element-4707d13 elementor-widget elementor-widget-heading\" data-id=\"4707d13\" data-element_type=\"widget\" data-widget_type=\"heading.default\">\n\t\t\t\t<div class=\"elementor-widget-container\">\n\t\t\t\t\t<h2 class=\"elementor-heading-title elementor-size-default\">Welche Farbe f\u00fcrs Schlafzimmer?<\/h2>\t\t\t\t<\/div>\n\t\t\t\t<\/div>\n\t\t\t\t<div class=\"elementor-element elementor-element-5285afa elementor-widget elementor-widget-text-editor\" data-id=\"5285afa\" data-element_type=\"widget\" data-widget_type=\"text-editor.default\">\n\t\t\t\t<div class=\"elementor-widget-container\">\n\t\t\t\t\t\t\t\t\t<p><span class=\"TextRun SCXW156321773 BCX0\" lang=\"DE-DE\" xml:lang=\"DE-DE\" data-contrast=\"auto\"><span class=\"NormalTextRun SCXW156321773 BCX0\">Dein Schlafzimmer ist dein R\u00fcckzugsort f\u00fcr Entspannung und Ruhe. Dann sollte auch deine Farbwahl dies widerspiegeln. Dies l\u00e4sst sich am besten mit harmonischen und beruhigenden Blaut\u00f6nen verwirklichen. Aber auch Violett und Grau sind stimulierende <\/span><span class=\"NormalTextRun SCXW156321773 BCX0\">Farbt\u00f6ne,<\/span><span class=\"NormalTextRun SCXW156321773 BCX0\"> die das Schlafzimmer exklusiv und romantisch machen.<\/span><\/span><span class=\"EOP SCXW156321773 BCX0\" data-ccp-props=\"{&quot;201341983&quot;:0,&quot;335559739&quot;:160,&quot;335559740&quot;:259}\">\u00a0<\/span><\/p>\t\t\t\t\t\t\t\t<\/div>\n\t\t\t\t<\/div>\n\t\t\t\t<div class=\"elementor-element elementor-element-00e002e elementor-widget elementor-widget-heading\" data-id=\"00e002e\" data-element_type=\"widget\" data-widget_type=\"heading.default\">\n\t\t\t\t<div class=\"elementor-widget-container\">\n\t\t\t\t\t<h2 class=\"elementor-heading-title elementor-size-default\">Welche Farbe f\u00fcr das Badezimmer? <\/h2>\t\t\t\t<\/div>\n\t\t\t\t<\/div>\n\t\t\t\t<div class=\"elementor-element elementor-element-1f11b390 elementor-widget elementor-widget-text-editor\" data-id=\"1f11b390\" data-element_type=\"widget\" data-widget_type=\"text-editor.default\">\n\t\t\t\t<div class=\"elementor-widget-container\">\n\t\t\t\t\t\t\t\t\t<p><span class=\"TextRun SCXW239188351 BCX0\" lang=\"DE-DE\" xml:lang=\"DE-DE\" data-contrast=\"auto\"><span class=\"NormalTextRun SCXW239188351 BCX0\">Die m\u00f6glichen Farbt\u00f6ne f\u00fcr dein Badezimmer sind <\/span><span class=\"NormalTextRun AdvancedProofingIssueV2Themed SCXW239188351 BCX0\">nat\u00fcrlich stark<\/span><span class=\"NormalTextRun SCXW239188351 BCX0\"> abh\u00e4ngig von den verlegten Fliesen. Hier solltest Du dich auf m\u00f6glichst wenige Farben festlegen, um die Harmonie nicht zu st\u00f6ren. Gelbe und Gr\u00fcne Farben eignen sich hier hervorragend. <\/span><span class=\"NormalTextRun SCXW239188351 BCX0\">Ein gelbes Bad wirkt erfrischend und belebend. So l\u00e4sst sich der Tag vielleicht leichter starten. Entscheidest du Dich f\u00fcr den Farbton Gr\u00fcn, so ist Nat\u00fcrlichkeit und Kreativit\u00e4t dein Anspruch.<\/span><\/span><span class=\"EOP SCXW239188351 BCX0\" data-ccp-props=\"{&quot;201341983&quot;:0,&quot;335559739&quot;:160,&quot;335559740&quot;:259}\">\u00a0<\/span><\/p>\t\t\t\t\t\t\t\t<\/div>\n\t\t\t\t<\/div>\n\t\t\t\t<div class=\"elementor-element elementor-element-d2d8b47 elementor-widget elementor-widget-heading\" data-id=\"d2d8b47\" data-element_type=\"widget\" data-widget_type=\"heading.default\">\n\t\t\t\t<div class=\"elementor-widget-container\">\n\t\t\t\t\t<h2 class=\"elementor-heading-title elementor-size-default\">Welche Farbe f\u00fcr die K\u00fcche?<\/h2>\t\t\t\t<\/div>\n\t\t\t\t<\/div>\n\t\t\t\t<div class=\"elementor-element elementor-element-3a8f4af9 elementor-widget elementor-widget-text-editor\" data-id=\"3a8f4af9\" data-element_type=\"widget\" data-widget_type=\"text-editor.default\">\n\t\t\t\t<div class=\"elementor-widget-container\">\n\t\t\t\t\t\t\t\t\t<p><span class=\"TextRun SCXW86995012 BCX0\" lang=\"DE-DE\" xml:lang=\"DE-DE\" data-contrast=\"auto\"><span class=\"NormalTextRun SCXW86995012 BCX0\">Die K\u00fcche ist f\u00fcr die <\/span><span class=\"NormalTextRun SCXW86995012 BCX0\">meisten<\/span><span class=\"NormalTextRun SCXW86995012 BCX0\"> ein Ort der Kreativit\u00e4t und Leidenschaft. <\/span><span class=\"NormalTextRun SCXW86995012 BCX0\">Hier ist fast alles an Farbt\u00f6nen m\u00f6glich. Bis Du ein leidenschaftlicher Hobbykoch, so kann Rot hier ein Ausdruck dessen sein.<\/span><span class=\"NormalTextRun SCXW86995012 BCX0\"> Aber auch Gr\u00fcn bringt einen Akzent in Deine K\u00fcche, mit Frische und Nat\u00fcrlichkeit.<\/span><span class=\"NormalTextRun SCXW86995012 BCX0\"> Ist die K\u00fcche der Ort, wo sich die Familie sammelt, um Gespr\u00e4che zu f\u00fchren, kann ein Gelbton hier eine angenehme Atmosph\u00e4re bewirken.<\/span><\/span><span class=\"EOP SCXW86995012 BCX0\" data-ccp-props=\"{&quot;201341983&quot;:0,&quot;335559739&quot;:160,&quot;335559740&quot;:259}\">\u00a0<\/span><\/p>\t\t\t\t\t\t\t\t<\/div>\n\t\t\t\t<\/div>\n\t\t\t\t<div class=\"elementor-element elementor-element-5987c5e8 elementor-widget elementor-widget-heading\" data-id=\"5987c5e8\" data-element_type=\"widget\" data-widget_type=\"heading.default\">\n\t\t\t\t<div class=\"elementor-widget-container\">\n\t\t\t\t\t<h2 class=\"elementor-heading-title elementor-size-default\">Welche Farbe f\u00fcrs Wohnzimmer?<\/h2>\t\t\t\t<\/div>\n\t\t\t\t<\/div>\n\t\t\t\t<div class=\"elementor-element elementor-element-5cdf19a2 elementor-widget elementor-widget-text-editor\" data-id=\"5cdf19a2\" data-element_type=\"widget\" data-widget_type=\"text-editor.default\">\n\t\t\t\t<div class=\"elementor-widget-container\">\n\t\t\t\t\t\t\t\t\t<p><span class=\"TextRun SCXW134168354 BCX0\" lang=\"DE-DE\" xml:lang=\"DE-DE\" data-contrast=\"auto\"><span class=\"NormalTextRun SCXW134168354 BCX0\">Das Wohnzimmer soll ein Ort der Gem\u00fctlichkeit und W\u00e4rme sein. Eine farblich abgestimmte Wandfarbe kann Dir dabei helfen. Gro\u00dfe, offene Wohnzimmer vertragen nat\u00fcrlich mehr Farbe als Kleine, doch auch hier ist die Farbwahl f\u00fcr die Atmosph\u00e4re entscheidend.<\/span><span class=\"NormalTextRun SCXW134168354 BCX0\"> Meist ist weniger mehr. Einzelne Farbakzente in Rot, Schwarz oder Violett k\u00f6nnen ein echter Hingucker sein. <\/span><span class=\"NormalTextRun SCXW134168354 BCX0\">Am besten <\/span><span class=\"NormalTextRun SCXW134168354 BCX0\">nutzt Du <\/span><span class=\"NormalTextRun SCXW134168354 BCX0\">Farben, die bereits in <\/span><span class=\"NormalTextRun SCXW134168354 BCX0\">Deiner <\/span><span class=\"NormalTextRun SCXW134168354 BCX0\">Einrichtung enthalten sind, damit <\/span><span class=\"NormalTextRun SCXW134168354 BCX0\">wird <\/span><span class=\"NormalTextRun SCXW134168354 BCX0\">es nicht zu bun<\/span><span class=\"NormalTextRun SCXW134168354 BCX0\">t<\/span><span class=\"NormalTextRun SCXW134168354 BCX0\">. Pas<\/span><span class=\"NormalTextRun SCXW134168354 BCX0\">tellt<\/span><span class=\"NormalTextRun SCXW134168354 BCX0\">\u00f6ne sind immer eine gute Wahl, denn sie wirken schlichter <\/span><span class=\"NormalTextRun SCXW134168354 BCX0\">und harmonischer.<\/span><\/span><span class=\"EOP SCXW134168354 BCX0\" data-ccp-props=\"{&quot;201341983&quot;:0,&quot;335559739&quot;:160,&quot;335559740&quot;:259}\">\u00a0<\/span><\/p>\t\t\t\t\t\t\t\t<\/div>\n\t\t\t\t<\/div>\n\t\t\t\t<div class=\"elementor-element elementor-element-a5fd9b8 elementor-widget elementor-widget-heading\" data-id=\"a5fd9b8\" data-element_type=\"widget\" data-widget_type=\"heading.default\">\n\t\t\t\t<div class=\"elementor-widget-container\">\n\t\t\t\t\t<h2 class=\"elementor-heading-title elementor-size-default\">Welche Farbe f\u00fcrs B\u00fcro oder Arbeitszimmer?<\/h2>\t\t\t\t<\/div>\n\t\t\t\t<\/div>\n\t\t\t\t<div class=\"elementor-element elementor-element-77e372d elementor-widget elementor-widget-text-editor\" data-id=\"77e372d\" data-element_type=\"widget\" data-widget_type=\"text-editor.default\">\n\t\t\t\t<div class=\"elementor-widget-container\">\n\t\t\t\t\t\t\t\t\t<p><span class=\"TextRun SCXW183746315 BCX0\" lang=\"DE-DE\" xml:lang=\"DE-DE\" data-contrast=\"auto\"><span class=\"NormalTextRun SCXW183746315 BCX0\">Je nachdem, was Du hier arbeitest, brauchst Du einen Raum f\u00fcr Kreativit\u00e4t oder Ruhe. Dies sollte sich in der Farbwahl widerspiegeln. Gelb sagt man nach das es zum Nachdenken anregt und eine gute Laune erzeugen. Vielleicht ist diese Farbe die Richtige, um deinen Arbeitsplatz zu gestalten. Neutrale Farben wie Grau sind im B\u00fcro oftmals eine gute Entscheidung, denn der Raum wirkt dadurch elegant<\/span><span class=\"NormalTextRun SCXW183746315 BCX0\"> und <\/span><span class=\"NormalTextRun SpellingErrorV2Themed SCXW183746315 BCX0\">einladend<\/span><span class=\"NormalTextRun SCXW183746315 BCX0\">.<\/span><\/span><span class=\"EOP SCXW183746315 BCX0\" data-ccp-props=\"{&quot;201341983&quot;:0,&quot;335559739&quot;:160,&quot;335559740&quot;:259}\">\u00a0<\/span><\/p>\t\t\t\t\t\t\t\t<\/div>\n\t\t\t\t<\/div>\n\t\t\t\t<div class=\"elementor-element elementor-element-23e10a71 elementor-widget elementor-widget-text-editor\" data-id=\"23e10a71\" data-element_type=\"widget\" data-widget_type=\"text-editor.default\">\n\t\t\t\t<div class=\"elementor-widget-container\">\n\t\t\t\t\t\t\t\t\t<p>Bildnachweis:\u00a0\u00a9 Daniel Jedzura\/Shutterstock.com<\/p>\t\t\t\t\t\t\t\t<\/div>\n\t\t\t\t<\/div>\n\t\t\t\t\t<\/div>\n\t\t<\/div>\n\t\t\t\t\t<\/div>\n\t\t<\/section>\n\t\t\t\t<\/div>\n\t\t","protected":false},"excerpt":{"rendered":"<p>Hat man einmal den Entschluss gefasst, dass ein neuer Anstrich des Raums f\u00e4llig ist, so steht noch die Entscheidung an, ob man zum klassischen Wei\u00dfton greift, oder sich in die Welt der Farben traut und eine bunte Wandfarbe ausw\u00e4hlt. Doch wie finde ich den richtigen Farbton f\u00fcr meine W\u00e4nde und woran kann ich mich orientieren? [&hellip;]<\/p>\n","protected":false},"author":2,"featured_media":1191,"comment_status":"closed","ping_status":"open","sticky":false,"template":"","format":"standard","meta":{"footnotes":""},"categories":[1],"tags":[],"class_list":["post-1180","post","type-post","status-publish","format-standard","has-post-thumbnail","hentry","category-allgemein"],"_links":{"self":[{"href":"https:\/\/www.farbklecks24shop.de\/ratgeber\/wp-json\/wp\/v2\/posts\/1180","targetHints":{"allow":["GET"]}}],"collection":[{"href":"https:\/\/www.farbklecks24shop.de\/ratgeber\/wp-json\/wp\/v2\/posts"}],"about":[{"href":"https:\/\/www.farbklecks24shop.de\/ratgeber\/wp-json\/wp\/v2\/types\/post"}],"author":[{"embeddable":true,"href":"https:\/\/www.farbklecks24shop.de\/ratgeber\/wp-json\/wp\/v2\/users\/2"}],"replies":[{"embeddable":true,"href":"https:\/\/www.farbklecks24shop.de\/ratgeber\/wp-json\/wp\/v2\/comments?post=1180"}],"version-history":[{"count":30,"href":"https:\/\/www.farbklecks24shop.de\/ratgeber\/wp-json\/wp\/v2\/posts\/1180\/revisions"}],"predecessor-version":[{"id":1212,"href":"https:\/\/www.farbklecks24shop.de\/ratgeber\/wp-json\/wp\/v2\/posts\/1180\/revisions\/1212"}],"wp:featuredmedia":[{"embeddable":true,"href":"https:\/\/www.farbklecks24shop.de\/ratgeber\/wp-json\/wp\/v2\/media\/1191"}],"wp:attachment":[{"href":"https:\/\/www.farbklecks24shop.de\/ratgeber\/wp-json\/wp\/v2\/media?parent=1180"}],"wp:term":[{"taxonomy":"category","embeddable":true,"href":"https:\/\/www.farbklecks24shop.de\/ratgeber\/wp-json\/wp\/v2\/categories?post=1180"},{"taxonomy":"post_tag","embeddable":true,"href":"https:\/\/www.farbklecks24shop.de\/ratgeber\/wp-json\/wp\/v2\/tags?post=1180"}],"curies":[{"name":"wp","href":"https:\/\/api.w.org\/{rel}","templated":true}]}}